{"id":5714,"date":"2026-02-25T23:58:47","date_gmt":"2026-02-25T21:58:47","guid":{"rendered":"https:\/\/joanlaporta.cat\/?p=5714"},"modified":"2026-02-25T23:58:47","modified_gmt":"2026-02-25T21:58:47","slug":"joan-laporta-se-reune-con-socios-y-socias-en-sant-cugat-del-valles","status":"publish","type":"post","link":"https:\/\/joanlaporta.cat\/es\/joan-laporta-se-reune-con-socios-y-socias-en-sant-cugat-del-valles\/","title":{"rendered":"Joan Laporta se re\u00fane con socios y socias en Sant Cugat del Vall\u00e8s"},"content":{"rendered":"\n<p><em>El precandidato participa en un acto moderado por el extenista Alex Corretja en La Uni\u00f3<\/em><\/p>\n\n\n\n<p>Joan Laporta se ha reunido esta tarde con m\u00e1s de 150 socios y socias de Sant Cugat del Vall\u00e8s, en la Sala Clav\u00e9 del Espai La Uni\u00f3, despu\u00e9s de que esta ma\u00f1ana visitara diferentes puestos de los pabellones A y B en Mercabarna, en Barcelona.<\/p>\n\n\n\n<p>El acto de Sant Cugat, moderado por el extenista Alex Corretja, ha servido a Laporta para explicar el proyecto \u201cDefensem el Bar\u00e7a\u201d, la precandidatura que encabeza y que se presenta como una propuesta de continuidad, estabilidad y ambici\u00f3n para consolidar un Bar\u00e7a fuerte, sostenible, competitivo y fiel a sus esencias, que quiere seguir garantizando la estabilidad y el crecimiento econ\u00f3mico, social y deportivo, as\u00ed como \u201cgarantizando y blindando\u201d el modelo de propiedad del Club.<\/p>\n\n\n\n<p>Durante el acto, Laporta tambi\u00e9n ha explicado los motivos del eslogan de este a\u00f1o, \u201cDefensem el Bar\u00e7a\u201d, y su evoluci\u00f3n en comparaci\u00f3n con \u201cEstimem el Bar\u00e7a\u201d de la candidatura de 2021; ha destacado \u201cla valent\u00eda\u201d de su Junta para construir un nuevo Estadio, y ha se\u00f1alado su \u201ctrabajo incansable\u201d para revertir juntos la situaci\u00f3n \u201ccr\u00edtica\u201d del Club en 2021.<\/p>\n","protected":false},"excerpt":{"rendered":"<p>El precandidato participa en un acto moderado por el extenista Alex Corretja en&hellip;<\/p>\n","protected":false},"author":2,"featured_media":5715,"comment_status":"open","ping_status":"open","sticky":false,"template":"","format":"standard","meta":{"footnotes":""},"categories":[],"tags":[],"class_list":["post-5714","post","type-post","status-publish","format-standard","has-post-thumbnail","hentry"],"_links":{"self":[{"href":"https:\/\/joanlaporta.cat\/es\/wp-json\/wp\/v2\/posts\/5714","targetHints":{"allow":["GET"]}}],"collection":[{"href":"https:\/\/joanlaporta.cat\/es\/wp-json\/wp\/v2\/posts"}],"about":[{"href":"https:\/\/joanlaporta.cat\/es\/wp-json\/wp\/v2\/types\/post"}],"author":[{"embeddable":true,"href":"https:\/\/joanlaporta.cat\/es\/wp-json\/wp\/v2\/users\/2"}],"replies":[{"embeddable":true,"href":"https:\/\/joanlaporta.cat\/es\/wp-json\/wp\/v2\/comments?post=5714"}],"version-history":[{"count":1,"href":"https:\/\/joanlaporta.cat\/es\/wp-json\/wp\/v2\/posts\/5714\/revisions"}],"predecessor-version":[{"id":5716,"href":"https:\/\/joanlaporta.cat\/es\/wp-json\/wp\/v2\/posts\/5714\/revisions\/5716"}],"wp:featuredmedia":[{"embeddable":true,"href":"https:\/\/joanlaporta.cat\/es\/wp-json\/wp\/v2\/media\/5715"}],"wp:attachment":[{"href":"https:\/\/joanlaporta.cat\/es\/wp-json\/wp\/v2\/media?parent=5714"}],"wp:term":[{"taxonomy":"category","embeddable":true,"href":"https:\/\/joanlaporta.cat\/es\/wp-json\/wp\/v2\/categories?post=5714"},{"taxonomy":"post_tag","embeddable":true,"href":"https:\/\/joanlaporta.cat\/es\/wp-json\/wp\/v2\/tags?post=5714"}],"curies":[{"name":"wp","href":"https:\/\/api.w.org\/{rel}","templated":true}]}}